{"id":586714,"date":"2026-08-31T10:50:09","date_gmt":"2026-08-31T07:50:09","guid":{"rendered":"https:\/\/basilica.ro\/?p=586714"},"modified":"2026-08-31T10:50:09","modified_gmt":"2026-08-31T07:50:09","slug":"romanian-language-day-31-august-cultural-heritage","status":"publish","type":"post","link":"https:\/\/basilica.ro\/en\/romanian-language-day-31-august-cultural-heritage\/","title":{"rendered":"Romanian Language Day marked on 31 August in Romania and neighbouring countries"},"content":{"rendered":"<p><strong>Romanian Language Day is celebrated annually on 31 August and celebrates Romanian identity and cultural heritage.<\/strong><\/p>\n<p>In Romania, the observance was established in 2013, while in the Republic of Moldova it has been marked since 1990, following the national revival movement of the late 1980s.<\/p>\n<p>According to <a href=\"https:\/\/www.radioromaniacultural.ro\/sectiuni-articole\/istorie-filozofie-psihologie\/31-august-ziua-limbii-romane-id54795.html\" target=\"_blank\" rel=\"noopener\">Radio Rom\u00e2nia Cultural<\/a>, the celebration marks a decisive moment in the region&#8217;s history between the Prut and Dniester rivers. On 27 August 1989, the Great National Assembly met in Chi\u0219in\u0103u, where about 750,000 people joined a demonstration calling for Romanian to be declared the state language and for a return to the Latin alphabet.<\/p>\n<p>On 31 August 1989, the Supreme Soviet of the Moldavian SSR adopted legislation giving these demands official effect. Beginning the following year, the date became a national celebration.<\/p>\n<p>The observance was initially known as Our Romanian Language (Limba noastr\u0103 cea rom\u00e2n\u0103), before its name was changed in 1994 to Our Language (Limba noastr\u0103).<\/p>\n<h2>Celebration in Romania<\/h2>\n<p>In Romania, a legislative initiative to establish Romanian Language Day at the end of August was launched in 2011. The Senate adopted the bill in December 2011, followed by the Chamber of Deputies in February 2013. <a href=\"https:\/\/legislatie.just.ro\/public\/DetaliiDocument\/146164\" target=\"_blank\" rel=\"noopener\">Law No. 53\/2013<\/a> was promulgated on 13 March 2013 and published in the Official Gazette on 19 March.<\/p>\n<p>Under the law, public authorities may organise cultural and educational events, commemorative activities and academic events. These may be held both in Romania and through diplomatic missions, <a href=\"https:\/\/www.icr.ro\/pagini\/icr-sarbatoreste-ziua-limbii-romane-la-bucuresti-si-in-strainatate-prin-evenimente-pentru-toate-varstele\" target=\"_blank\" rel=\"noopener\">cultural institutes<\/a> and other Romanian institutions abroad.<\/p>\n<p>Romanian communities in neighbouring countries have also affirmed the importance of the Romanian language. In 2011, several Romanian associations and organisations in Serbia, Bulgaria and Hungary agreed that, beginning in 2012, they would celebrate 31 August as Romanian Language Day.<\/p>\n<p>In 2026, Ukraine officially established <a href=\"https:\/\/basilica.ro\/en\/ukraine-romanian-language-day-august-31\/\" target=\"_blank\" rel=\"noopener\">Romanian Language Day<\/a>. The decision was made during Ukrainian President Volodymyr Zelenskyy\u2019s visit to Romania on 12 March. <a href=\"https:\/\/bucpress.eu\/odesa-va-marca-in-premiera-ziua-limbii-romane-in-ucraina-printr-un-amplu-program-cultural\/\" target=\"_blank\" rel=\"noopener\">A series of events<\/a> marking the occasion will be held in several Ukrainian cities.<\/p>\n<p>The celebration has become an opportunity to affirm the bond between Romanian communities and their linguistic and cultural heritage, regardless of the borders of the countries in which they live.<\/p>\n<p>Photo: Basilica.ro \/ Mircea Florescu<\/p>\n","protected":false},"excerpt":{"rendered":"<p>Romanian Language Day is celebrated annually on 31 August and celebrates Romanian identity and cultural heritage. In Romania, the observance was established in 2013, while in the Republic of Moldova it has been marked since 1990, following the national revival movement of the late 1980s. According to Radio Rom\u00e2nia Cultural, the celebration marks a decisive&hellip;<\/p>\n","protected":false},"author":3,"featured_media":550607,"comment_status":"closed","ping_status":"closed","sticky":false,"template":"","format":"standard","meta":{"footnotes":""},"categories":[4],"tags":[34971,32502,4980,20656],"class_list":["post-586714","post","type-post","status-publish","format-standard","has-post-thumbnail","hentry","category-anniversaries-and-commemorations","tag-romanian-cultural-heritage","tag-romanian-identity","tag-romanian-language","tag-romanian-language-day"],"_links":{"self":[{"href":"https:\/\/basilica.ro\/en\/wp-json\/wp\/v2\/posts\/586714","targetHints":{"allow":["GET"]}}],"collection":[{"href":"https:\/\/basilica.ro\/en\/wp-json\/wp\/v2\/posts"}],"about":[{"href":"https:\/\/basilica.ro\/en\/wp-json\/wp\/v2\/types\/post"}],"author":[{"embeddable":true,"href":"https:\/\/basilica.ro\/en\/wp-json\/wp\/v2\/users\/3"}],"replies":[{"embeddable":true,"href":"https:\/\/basilica.ro\/en\/wp-json\/wp\/v2\/comments?post=586714"}],"version-history":[{"count":0,"href":"https:\/\/basilica.ro\/en\/wp-json\/wp\/v2\/posts\/586714\/revisions"}],"wp:featuredmedia":[{"embeddable":true,"href":"https:\/\/basilica.ro\/en\/wp-json\/wp\/v2\/media\/550607"}],"wp:attachment":[{"href":"https:\/\/basilica.ro\/en\/wp-json\/wp\/v2\/media?parent=586714"}],"wp:term":[{"taxonomy":"category","embeddable":true,"href":"https:\/\/basilica.ro\/en\/wp-json\/wp\/v2\/categories?post=586714"},{"taxonomy":"post_tag","embeddable":true,"href":"https:\/\/basilica.ro\/en\/wp-json\/wp\/v2\/tags?post=586714"}],"curies":[{"name":"wp","href":"https:\/\/api.w.org\/{rel}","templated":true}]}}