{"id":574522,"date":"2026-06-03T12:22:06","date_gmt":"2026-06-03T09:22:06","guid":{"rendered":"https:\/\/basilica.ro\/?p=574522"},"modified":"2026-06-03T12:22:06","modified_gmt":"2026-06-03T09:22:06","slug":"pasarea-monastery-local-canonisation-two-romanian-nuns","status":"publish","type":"post","link":"https:\/\/basilica.ro\/en\/pasarea-monastery-local-canonisation-two-romanian-nuns\/","title":{"rendered":"Pas\u0103rea Monastery to host local canonisation of two Romanian nuns"},"content":{"rendered":"<p><strong>The local proclamation of the canonisation of St Philothea of Pas\u0103rea and St Elizabeth of Pas\u0103rea will take place on 5 June 2026. To mark the occasion, an extensive liturgical programme will be held at Pas\u0103rea Monastery on 4\u20135 June 2026, as follows:<\/strong><\/p>\n<h2>Thursday, 4 June 2026<\/h2>\n<p>5:00 p.m. \u2013 8:30 p.m. \u2013 Vigil service in honour of Sts Philothea and Elizabeth of Pas\u0103rea (Great Vespers with Artoklasia and Matins).<\/p>\n<h2>Friday, 5 June 2026<\/h2>\n<p>9:00 a.m. \u2013 12:00 p.m. \u2013 Divine Liturgy celebrated by an assembly of bishops, priests and deacons.<\/p>\n<p>12:00 p.m. \u2013 Solemn ceremony of the proclamation of the canonisation, including the reading of the Synodal Tomos of Canonisation and the presentation of the saints\u2019 icons.<\/p>\n<h2>St Philothea of Pas\u0103rea<\/h2>\n<p>St Philothea of Pas\u0103rea, the <a href=\"https:\/\/basilica.ro\/en\/saint-callinicus-cernica-good-shepherd-bishop-varlaam\/\" target=\"_blank\" rel=\"noopener\">mother of St Callinicus of Cernica<\/a> and three other sons, was born Floarea Antonescu. After being widowed, she entered monastic life at Pas\u0103rea Monastery and later received the Great Schema.<\/p>\n<p>She lived a life adorned with the virtues of humility, obedience, prayer, and love for God and neighbour, and reposed in the Lord on 8 November 1833.<\/p>\n<h2>St Elizabeth of Pas\u0103rea<\/h2>\n<p><a href=\"https:\/\/basilica.ro\/en\/tag\/saint-elizabeth-of-pasarea\/\" target=\"_blank\" rel=\"noopener\">St Elizabeth of Pas\u0103rea<\/a> (1970\u20132014) lived a life of strict asceticism, joining the community of Pas\u0103rea Monastery at a young age.<\/p>\n<p>Beginning in 2003, she lived as a hermit on Mount Giumal\u0103u in Suceava County. She received the Great Schema at Pas\u0103rea Monastery on 19 April 2006 and spent her life in prayer, stillness and humility. She reposed in the Lord on 5 June 2014.<\/p>\n<p>Press Office of the Archdiocese of Bucharest<\/p>\n<p>Photo: Basilica.ro \/ Raluca Ene<br \/>\n<a href=\"https:\/\/x.com\/BasilicaNews\"><img loading=\"lazy\" decoding=\"async\" class=\"alignnone size-medium wp-image-495171\" src=\"https:\/\/basilica.ro\/wp-content\/uploads\/2024\/09\/banner-x-en-889x148.gif\" alt=\"\" width=\"889\" height=\"148\" srcset=\"https:\/\/basilica.ro\/wp-content\/uploads\/2024\/09\/banner-x-en-889x148.gif 889w, https:\/\/basilica.ro\/wp-content\/uploads\/2024\/09\/banner-x-en-1024x171.gif 1024w, https:\/\/basilica.ro\/wp-content\/uploads\/2024\/09\/banner-x-en-1536x256.gif 1536w, https:\/\/basilica.ro\/wp-content\/uploads\/2024\/09\/banner-x-en-2048x341.gif 2048w\" sizes=\"auto, (max-width: 480px) 440px, (max-width: 768px) 354px, 890px\" \/><\/a><\/p>\n","protected":false},"excerpt":{"rendered":"<p>The local proclamation of the canonisation of St Philothea of Pas\u0103rea and St Elizabeth of Pas\u0103rea will take place on 5 June 2026. To mark the occasion, an extensive liturgical programme will be held at Pas\u0103rea Monastery on 4\u20135 June 2026, as follows: Thursday, 4 June 2026 5:00 p.m. \u2013 8:30 p.m. \u2013 Vigil service&hellip;<\/p>\n","protected":false},"author":3,"featured_media":485836,"comment_status":"closed","ping_status":"closed","sticky":true,"template":"","format":"standard","meta":{"footnotes":""},"categories":[8],"tags":[33545,37345,32787,34749,4233,36651,37245],"class_list":["post-574522","post","type-post","status-publish","format-standard","has-post-thumbnail","hentry","category-press-releases","tag-commemorative-year-2026","tag-holy-romanian-women","tag-holy-women","tag-local-canonization","tag-pasarea-monastery","tag-saint-elizabeth-of-pasarea","tag-saint-philothea-of-pasarea"],"_links":{"self":[{"href":"https:\/\/basilica.ro\/en\/wp-json\/wp\/v2\/posts\/574522","targetHints":{"allow":["GET"]}}],"collection":[{"href":"https:\/\/basilica.ro\/en\/wp-json\/wp\/v2\/posts"}],"about":[{"href":"https:\/\/basilica.ro\/en\/wp-json\/wp\/v2\/types\/post"}],"author":[{"embeddable":true,"href":"https:\/\/basilica.ro\/en\/wp-json\/wp\/v2\/users\/3"}],"replies":[{"embeddable":true,"href":"https:\/\/basilica.ro\/en\/wp-json\/wp\/v2\/comments?post=574522"}],"version-history":[{"count":0,"href":"https:\/\/basilica.ro\/en\/wp-json\/wp\/v2\/posts\/574522\/revisions"}],"wp:featuredmedia":[{"embeddable":true,"href":"https:\/\/basilica.ro\/en\/wp-json\/wp\/v2\/media\/485836"}],"wp:attachment":[{"href":"https:\/\/basilica.ro\/en\/wp-json\/wp\/v2\/media?parent=574522"}],"wp:term":[{"taxonomy":"category","embeddable":true,"href":"https:\/\/basilica.ro\/en\/wp-json\/wp\/v2\/categories?post=574522"},{"taxonomy":"post_tag","embeddable":true,"href":"https:\/\/basilica.ro\/en\/wp-json\/wp\/v2\/tags?post=574522"}],"curies":[{"name":"wp","href":"https:\/\/api.w.org\/{rel}","templated":true}]}}