{"id":533425,"date":"2025-07-10T15:38:28","date_gmt":"2025-07-10T12:38:28","guid":{"rendered":"https:\/\/basilica.ro\/?p=533425"},"modified":"2025-07-10T15:38:47","modified_gmt":"2025-07-10T12:38:47","slug":"ioan-meiu-romanian-patriarchate-holy-land-representative-2025","status":"publish","type":"post","link":"https:\/\/basilica.ro\/en\/ioan-meiu-romanian-patriarchate-holy-land-representative-2025\/","title":{"rendered":"Romanian Patriarchate appoints Fr. Ioan Meiu as new representative to the Holy Land"},"content":{"rendered":"<p class=\"ai-optimize-6 ai-optimize-introduction\"><strong>The Very Rev. Protosyncellus Ioan Meiu will become the new representative of the Romanian Patriarchate to the Holy Land, taking over the position from Archimandrite Teofil An\u0103st\u0103soaie, who was recently <a href=\"https:\/\/basilica.ro\/en\/romanian-patriarchates-representative-to-holy-land-elected-assistant-bishop\/\">elected<\/a> Assistant Bishop to the Archdiocese of Roman and Bac\u0103u.<\/strong><\/p>\n<p class=\"ai-optimize-7\">According to a decision by the Standing Committee of the National Church Council, Fr. Ioan Meiu will formally assume the role starting July 15.<\/p>\n<p class=\"ai-optimize-8\">\u201cIt is a great honor for me to receive this appointment,\u201d Fr. Ioan Meiu told Basilica.ro.<\/p>\n<p class=\"ai-optimize-9\">\u201cI will continue to preserve the fraternal relationship between the Patriarchate of Jerusalem and the Romanian Patriarchate. With the help of our Lord Jesus Christ and the blessing of His Beatitude Patriarch Daniel, we aim to bring light and service to all three Romanian settlements in the Holy Land,\u201d he added.<\/p>\n<h2 class=\"ai-optimize-10\">About Fr. Ioan Meiu<\/h2>\n<p class=\"ai-optimize-10\">Fr. Ioan Meiu has served since December 2014 alongside Archim. Teofil An\u0103st\u0103soaie as ecclesiarch of the Romanian Settlement Church in Jerusalem.<\/p>\n<p class=\"ai-optimize-11\">Aged 46, he is originally from Bra\u0219ov, Romania. He entered monastic life in 2008 at the \u201cSaint John the Russian\u201d Monastery in Giurgiu. Before being assigned to the Holy Land, he served at Darvari Skete in Bucharest and the Patriarchal Cathedral.<\/p>\n<p class=\"ai-optimize-12\">In Jerusalem, in addition to his liturgical duties, Fr. Meiu also served as the Chief Secretary of the Romanian Representation.<\/p>\n<p class=\"ai-optimize-13\">He holds higher education degrees in Orthodox Theology (2010) and Physical Education and Sports (2006), and earned a PhD in Theology from the Faculty of Theology in Craiova in 2021.<\/p>\n<p class=\"ai-optimize-14\">Earlier this week, Fr. Meiu <a href=\"https:\/\/en.jerusalem-patriarchate.info\/chronicle\/visits-to-his-beatitude-4-07-25\/\">met<\/a> with Patriarch Theophilos III of Jerusalem, who expressed hope that the excellent relationship between the two Patriarchates will continue.<\/p>\n<p class=\"ai-optimize-15\">Upon taking office, Fr. Meiu will also become the Superior of the Romanian Settlements in Jerusalem, Jericho, and the Jordan Valley.<\/p>\n<p class=\"ai-optimize-7\">\u00a0<iframe loading=\"lazy\" style=\"border: none; overflow: hidden;\" src=\"https:\/\/www.facebook.com\/plugins\/post.php?href=https%3A%2F%2Fwww.facebook.com%2FJerusalemPatriarchate%2Fposts%2Fpfbid02yW1GQiLvbghpAbbiGEbFxHLmEseKt1K9GLRgbAEfGUtP3kDhCJZWdRjV27kGX3rBl&amp;show_text=true&amp;width=500\" width=\"500\" height=\"703\" frameborder=\"0\" scrolling=\"no\" allowfullscreen=\"allowfullscreen\" data-mce-fragment=\"1\"><\/iframe><\/p>\n<p class=\"ai-optimize-9\">Photo: Facebook \/ P\u0103rintele Ioan Meiu &#8211; Ierusalim<\/p>\n<p class=\"ai-optimize-16\"><a href=\"https:\/\/x.com\/BasilicaNews\"><img loading=\"lazy\" decoding=\"async\" class=\"alignnone size-medium wp-image-495171\" src=\"https:\/\/basilica.ro\/wp-content\/uploads\/2024\/09\/banner-x-en-889x148.gif\" alt=\"\" width=\"889\" height=\"148\" srcset=\"https:\/\/basilica.ro\/wp-content\/uploads\/2024\/09\/banner-x-en-889x148.gif 889w, https:\/\/basilica.ro\/wp-content\/uploads\/2024\/09\/banner-x-en-1024x171.gif 1024w, https:\/\/basilica.ro\/wp-content\/uploads\/2024\/09\/banner-x-en-1536x256.gif 1536w, https:\/\/basilica.ro\/wp-content\/uploads\/2024\/09\/banner-x-en-2048x341.gif 2048w\" sizes=\"auto, (max-width: 480px) 440px, (max-width: 768px) 354px, 890px\" \/><\/a><\/p>\n","protected":false},"excerpt":{"rendered":"<p>The Very Rev. Protosyncellus Ioan Meiu will become the new representative of the Romanian Patriarchate to the Holy Land, taking over the position from Archimandrite Teofil An\u0103st\u0103soaie, who was recently elected Assistant Bishop to the Archdiocese of Roman and Bac\u0103u. According to a decision by the Standing Committee of the National Church Council, Fr. Ioan&hellip;<\/p>\n","protected":false},"author":3,"featured_media":533414,"comment_status":"closed","ping_status":"closed","sticky":false,"template":"","format":"standard","meta":{"footnotes":""},"categories":[6],"tags":[35542,5881,14504,35541,22968,31327],"class_list":["post-533425","post","type-post","status-publish","format-standard","has-post-thumbnail","hentry","category-international","tag-fr-ioan-meiu","tag-holy-land","tag-jerusalem-patriarchate","tag-romanian-patriarchate-representative","tag-romanian-settlement-in-jerusalem","tag-romanians-in-israel"],"_links":{"self":[{"href":"https:\/\/basilica.ro\/en\/wp-json\/wp\/v2\/posts\/533425","targetHints":{"allow":["GET"]}}],"collection":[{"href":"https:\/\/basilica.ro\/en\/wp-json\/wp\/v2\/posts"}],"about":[{"href":"https:\/\/basilica.ro\/en\/wp-json\/wp\/v2\/types\/post"}],"author":[{"embeddable":true,"href":"https:\/\/basilica.ro\/en\/wp-json\/wp\/v2\/users\/3"}],"replies":[{"embeddable":true,"href":"https:\/\/basilica.ro\/en\/wp-json\/wp\/v2\/comments?post=533425"}],"version-history":[{"count":0,"href":"https:\/\/basilica.ro\/en\/wp-json\/wp\/v2\/posts\/533425\/revisions"}],"wp:featuredmedia":[{"embeddable":true,"href":"https:\/\/basilica.ro\/en\/wp-json\/wp\/v2\/media\/533414"}],"wp:attachment":[{"href":"https:\/\/basilica.ro\/en\/wp-json\/wp\/v2\/media?parent=533425"}],"wp:term":[{"taxonomy":"category","embeddable":true,"href":"https:\/\/basilica.ro\/en\/wp-json\/wp\/v2\/categories?post=533425"},{"taxonomy":"post_tag","embeddable":true,"href":"https:\/\/basilica.ro\/en\/wp-json\/wp\/v2\/tags?post=533425"}],"curies":[{"name":"wp","href":"https:\/\/api.w.org\/{rel}","templated":true}]}}